{"id":1265,"date":"2026-04-20T15:49:02","date_gmt":"2026-04-20T15:49:02","guid":{"rendered":"https:\/\/corodeninosdesanjuan.org\/?p=1265"},"modified":"2026-04-20T15:54:44","modified_gmt":"2026-04-20T15:54:44","slug":"el-coro-de-ninos-de-san-juan-se-presentara-en-el-63er-festival-de-teatropuertorriqueno-del-instituto-de-cultura-puertorriquena","status":"publish","type":"post","link":"https:\/\/corodeninosdesanjuan.org\/?p=1265","title":{"rendered":"El Coro de Ni\u00f1os de San Juan se presentar\u00e1 en el 63er Festival de TeatroPuertorrique\u00f1o del Instituto de Cultura Puertorrique\u00f1a"},"content":{"rendered":"\t\t<div data-elementor-type=\"wp-post\" data-elementor-id=\"1265\" class=\"elementor elementor-1265\" data-elementor-post-type=\"post\">\n\t\t\t\t<div class=\"elementor-element elementor-element-5955da9 e-con-full e-flex e-con e-parent\" data-id=\"5955da9\" data-element_type=\"container\">\n\t\t\t\t<div class=\"elementor-element elementor-element-69c5861 elementor-widget elementor-widget-image\" data-id=\"69c5861\" data-element_type=\"widget\" data-widget_type=\"image.default\">\n\t\t\t\t<div class=\"elementor-widget-container\">\n\t\t\t\t\t\t\t\t\t\t\t\t\t\t\t<img fetchpriority=\"high\" decoding=\"async\" width=\"800\" height=\"534\" src=\"https:\/\/corodeninosdesanjuan.org\/wp-content\/uploads\/2026\/04\/Foto-CNSJ-Mi-Isla-Sonada-1024x683.jpeg\" class=\"attachment-large size-large wp-image-1267\" alt=\"\" srcset=\"https:\/\/corodeninosdesanjuan.org\/wp-content\/uploads\/2026\/04\/Foto-CNSJ-Mi-Isla-Sonada-1024x683.jpeg 1024w, https:\/\/corodeninosdesanjuan.org\/wp-content\/uploads\/2026\/04\/Foto-CNSJ-Mi-Isla-Sonada-300x200.jpeg 300w, https:\/\/corodeninosdesanjuan.org\/wp-content\/uploads\/2026\/04\/Foto-CNSJ-Mi-Isla-Sonada-768x512.jpeg 768w, https:\/\/corodeninosdesanjuan.org\/wp-content\/uploads\/2026\/04\/Foto-CNSJ-Mi-Isla-Sonada-1536x1024.jpeg 1536w, https:\/\/corodeninosdesanjuan.org\/wp-content\/uploads\/2026\/04\/Foto-CNSJ-Mi-Isla-Sonada-600x400.jpeg 600w, https:\/\/corodeninosdesanjuan.org\/wp-content\/uploads\/2026\/04\/Foto-CNSJ-Mi-Isla-Sonada.jpeg 1600w\" sizes=\"(max-width: 800px) 100vw, 800px\" \/>\t\t\t\t\t\t\t\t\t\t\t\t\t\t\t<\/div>\n\t\t\t\t<\/div>\n\t\t\t\t<div class=\"elementor-element elementor-element-5484632 elementor-widget elementor-widget-text-editor\" data-id=\"5484632\" data-element_type=\"widget\" data-widget_type=\"text-editor.default\">\n\t\t\t\t<div class=\"elementor-widget-container\">\n\t\t\t\t\t\t\t\t\t<p><span style=\"text-align: var(--text-align);\">El Coro de Ni\u00f1os de San Juan (CNSJ) se presentar\u00e1 <\/span><span style=\"text-align: var(--text-align);\">junto a la compa\u00f1\u00eda de teatro Y No Hab\u00eda Luz en la obra &amp;quot;Mi Isla en Sue\u00f1os&amp;quot; el 18 al 19 de abril en\u00a0<\/span><span style=\"text-align: var(--text-align);\">el Teatro Francisco Arriv\u00ed en Santurce. La obra es parte del Festival de Teatro del Instituto de\u00a0<\/span><span style=\"text-align: var(--text-align);\">Cultura Puertorrique\u00f1a (ICP).<\/span><\/p><p>Dirigida por Julio Morales, \u201cMi Isla en Sue\u00f1os\u201d se estren\u00f3 en mayo del 2025, con el elenco de Y No\u00a0<span style=\"text-align: var(--text-align);\">Hab\u00eda Luz y la musicalizaci\u00f3n del Coro de Ni\u00f1os de San Juan. En esta ocasi\u00f3n se suman los j\u00f3venes\u00a0<\/span><span style=\"text-align: var(--text-align);\">del proyecto de la Casa Kai. Este a\u00f1o, la presentaci\u00f3n recibir\u00e1 al p\u00fablico general el s\u00e1bado 18 de\u00a0<\/span><span style=\"text-align: var(--text-align);\">abril a las 8 p.m. y el domingo 19 de abril a las 4 p.m.<\/span><\/p><p>Creada para toda la familia, \u201cMi Isla en Sue\u00f1os\u201d, cuenta la historia de un ni\u00f1o que pierde la habilidad\u00a0<span style=\"text-align: var(--text-align);\">de so\u00f1ar, y junto a su amiga estrella, recorre sus sentimientos y recuerdos para recuperarla. El ni\u00f1o\u00a0<\/span><span style=\"text-align: var(--text-align);\">descubre que tambi\u00e9n tiene un sue\u00f1o compartido de vivir en una isla libre de mal, donde abunda la\u00a0<\/span><span style=\"text-align: var(--text-align);\">alegr\u00eda y la belleza.<\/span><\/p><p>La obra ofrecer\u00e1 al p\u00fablico una experiencia esc\u00e9nica llena de belleza y sensibilidad, exaltando la\u00a0<span style=\"text-align: var(--text-align);\">identidad puertorrique\u00f1a y motivando al p\u00fablico a conectarse con su voz interior, confiar en su\u00a0<\/span><span style=\"text-align: var(--text-align);\">intuici\u00f3n, y atreverse a perseguir sus sue\u00f1os.<\/span><\/p><p>Los boletos para ver \u201cMi Isla en Sue\u00f1os\u201d est\u00e1n disponibles en Boletera.net. Para comprarlos pueden\u00a0<span style=\"text-align: var(--text-align);\">entrar a https:\/\/boletos.boletera.net\/e\/mi-isla-en-sue%C3%B1os\/tickets.<\/span><\/p><p>Para m\u00e1s informaci\u00f3n sobre las actividades del CNSJ, audiciones o para hacer un donativo, los<\/p><p>interesados pueden llamar al (787) 726-7575 o entrar en la p\u00e1gina web del Coro,<\/p><p>https:\/\/corodeninosdesanjuan.org\/.<\/p><p>###<\/p><p>Sobre el Coro de Ni\u00f1os de San Juan:<\/p><p>El Coro de Ni\u00f1os de San Juan (CNSJ) es una organizaci\u00f3n sin fines de lucro comprometida con la educaci\u00f3n<\/p><p>art\u00edstica, musical y human\u00edstica de ni\u00f1os y j\u00f3venes entre las edades de 5 a 18 a\u00f1os en Puerto Rico. Cumpliendo 60<\/p><p>a\u00f1os de trayectoria, la instituci\u00f3n se ha consolidado como embajador cultural de la Isla en el \u00e1mbito nacional e<\/p><p>internacional. En el CNSJ, su estudiantado recibe una formaci\u00f3n integral que incluye conjunto coral, teor\u00eda<\/p><p>musical y solfeo, entrenamiento auditivo, t\u00e9cnica vocal, apreciaci\u00f3n musical, aprendizaje de instrumentos como<\/p><p>la guitarra, el cuatro puertorrique\u00f1o, la flauta dulce y las campanas de mano.<\/p>\t\t\t\t\t\t\t\t<\/div>\n\t\t\t\t<\/div>\n\t\t\t\t<\/div>\n\t\t<div class=\"elementor-element elementor-element-7497f0c e-flex e-con-boxed e-con e-parent\" data-id=\"7497f0c\" data-element_type=\"container\">\n\t\t\t\t\t<div class=\"e-con-inner\">\n\t\t\t\t\t<\/div>\n\t\t\t\t<\/div>\n\t\t\t\t<\/div>\n\t\t\n    <div class=\"xs_social_share_widget xs_share_url after_content \t\tmain_content  wslu-style-1 wslu-share-box-shaped wslu-fill-colored wslu-none wslu-share-horizontal wslu-theme-font-no wslu-main_content\">\n\n\t\t\n        <ul>\n\t\t\t        <\/ul>\n    <\/div> \n","protected":false},"excerpt":{"rendered":"<p>El Coro de Ni\u00f1os de San Juan (CNSJ) se presentar\u00e1 junto a la compa\u00f1\u00eda de teatro Y No Hab\u00eda Luz en la obra &amp;quot;Mi Isla en Sue\u00f1os&amp;quot; el 18 al 19 de abril en\u00a0el Teatro Francisco Arriv\u00ed en Santurce. La obra es parte del Festival de Teatro del Instituto de\u00a0Cultura Puertorrique\u00f1a (ICP). Dirigida por Julio [&hellip;]<\/p>\n","protected":false},"author":3,"featured_media":0,"comment_status":"open","ping_status":"open","sticky":false,"template":"","format":"standard","meta":{"postBodyCss":"","postBodyMargin":[],"postBodyPadding":[],"postBodyBackground":{"backgroundType":"classic","gradient":""},"footnotes":""},"categories":[1],"tags":[],"class_list":["post-1265","post","type-post","status-publish","format-standard","hentry","category-uncategorized"],"_links":{"self":[{"href":"https:\/\/corodeninosdesanjuan.org\/index.php?rest_route=\/wp\/v2\/posts\/1265","targetHints":{"allow":["GET"]}}],"collection":[{"href":"https:\/\/corodeninosdesanjuan.org\/index.php?rest_route=\/wp\/v2\/posts"}],"about":[{"href":"https:\/\/corodeninosdesanjuan.org\/index.php?rest_route=\/wp\/v2\/types\/post"}],"author":[{"embeddable":true,"href":"https:\/\/corodeninosdesanjuan.org\/index.php?rest_route=\/wp\/v2\/users\/3"}],"replies":[{"embeddable":true,"href":"https:\/\/corodeninosdesanjuan.org\/index.php?rest_route=%2Fwp%2Fv2%2Fcomments&post=1265"}],"version-history":[{"count":3,"href":"https:\/\/corodeninosdesanjuan.org\/index.php?rest_route=\/wp\/v2\/posts\/1265\/revisions"}],"predecessor-version":[{"id":1270,"href":"https:\/\/corodeninosdesanjuan.org\/index.php?rest_route=\/wp\/v2\/posts\/1265\/revisions\/1270"}],"wp:attachment":[{"href":"https:\/\/corodeninosdesanjuan.org\/index.php?rest_route=%2Fwp%2Fv2%2Fmedia&parent=1265"}],"wp:term":[{"taxonomy":"category","embeddable":true,"href":"https:\/\/corodeninosdesanjuan.org\/index.php?rest_route=%2Fwp%2Fv2%2Fcategories&post=1265"},{"taxonomy":"post_tag","embeddable":true,"href":"https:\/\/corodeninosdesanjuan.org\/index.php?rest_route=%2Fwp%2Fv2%2Ftags&post=1265"}],"curies":[{"name":"wp","href":"https:\/\/api.w.org\/{rel}","templated":true}]}}