{"id":469,"date":"2025-11-03T19:06:40","date_gmt":"2025-11-03T19:06:40","guid":{"rendered":"https:\/\/corodeninosdesanjuan.org\/?p=469"},"modified":"2025-11-03T19:30:13","modified_gmt":"2025-11-03T19:30:13","slug":"el-coro-de-ninos-de-san-juan-inicia-la-celebracion-de-su-60-aniversario-con-nueva-junta-directiva-y-plan-de-modernizacion","status":"publish","type":"post","link":"https:\/\/corodeninosdesanjuan.org\/?p=469","title":{"rendered":"El Coro de Ni\u00f1os de San Juan inicia la celebraci\u00f3n de su 60\u00b0 aniversario con nueva junta directiva y plan de modernizaci\u00f3n"},"content":{"rendered":"\t\t<div data-elementor-type=\"wp-post\" data-elementor-id=\"469\" class=\"elementor elementor-469\" data-elementor-post-type=\"post\">\n\t\t\t\t<div class=\"elementor-element elementor-element-6d8ca742 e-flex e-con-boxed e-con e-parent\" data-id=\"6d8ca742\" data-element_type=\"container\">\n\t\t\t\t\t<div class=\"e-con-inner\">\n\t\t\t\t<div class=\"elementor-element elementor-element-72e3c03b elementor-widget elementor-widget-text-editor\" data-id=\"72e3c03b\" data-element_type=\"widget\" data-widget_type=\"text-editor.default\">\n\t\t\t\t<div class=\"elementor-widget-container\">\n\t\t\t\t\t\t\t\t\t\n<figure class=\"wp-block-image size-large\"><img fetchpriority=\"high\" decoding=\"async\" width=\"1024\" height=\"819\" class=\"wp-image-466\" src=\"https:\/\/corodeninosdesanjuan.org\/wp-content\/uploads\/2025\/11\/Junta-directores-CNSJ-2025-1-1024x819.jpg\" alt=\"\" srcset=\"https:\/\/corodeninosdesanjuan.org\/wp-content\/uploads\/2025\/11\/Junta-directores-CNSJ-2025-1-1024x819.jpg 1024w, https:\/\/corodeninosdesanjuan.org\/wp-content\/uploads\/2025\/11\/Junta-directores-CNSJ-2025-1-scaled-600x480.jpg 600w, https:\/\/corodeninosdesanjuan.org\/wp-content\/uploads\/2025\/11\/Junta-directores-CNSJ-2025-1-300x240.jpg 300w, https:\/\/corodeninosdesanjuan.org\/wp-content\/uploads\/2025\/11\/Junta-directores-CNSJ-2025-1-768x614.jpg 768w, https:\/\/corodeninosdesanjuan.org\/wp-content\/uploads\/2025\/11\/Junta-directores-CNSJ-2025-1-1536x1229.jpg 1536w, https:\/\/corodeninosdesanjuan.org\/wp-content\/uploads\/2025\/11\/Junta-directores-CNSJ-2025-1-2048x1638.jpg 2048w\" sizes=\"(max-width: 1024px) 100vw, 1024px\" \/><\/figure>\n\n<p><strong>San Juan Puerto Rico (3 de noviembre de 2025)<\/strong> \u2013 El Coro de Ni\u00f1os de San Juan (CNSJ) celebrar\u00e1 su 60\u00b0 aniversario en noviembre del 2026. Por tal raz\u00f3n, el Coro comenzar\u00e1 este mes en el conteo regresivo de un a\u00f1o para celebrar seis d\u00e9cadas de excelencia musical, formaci\u00f3n art\u00edstica y de orgullo cultural para Puerto Rico ante el mundo. Para iniciar esta conmemoraci\u00f3n, la organizaci\u00f3n present\u00f3 hoy a su nueva Junta Directiva y comenz\u00f3 a trabajar en un plan para modernizar sus instalaciones y fortalecer su misi\u00f3n educativa.\u00a0<\/p>\n\n<p>Con la formaci\u00f3n de su nueva Junta Directiva, el Coro se prepara para iniciar una nueva etapa de crecimiento y renovaci\u00f3n institucional. Este equipo de l\u00edderes comprometidos con el arte y la educaci\u00f3n est\u00e1 compuesto por Naji Khoury como presidente, Manuel Calder\u00f3n como vicepresidente, Nelson Col\u00f3n, CPA como tesorero, Juliana Pag\u00e1n como secretaria, y los directores Robyn Weber, Luis \u00c1lvarez, Lic. Camelia Garrido, Griselle Bou, Vangie Bogaty y Tom\u00e1s Dardet, APR.\u00a0<\/p>\n\n<p>\u201cCelebrar los 60 a\u00f1os del Coro de Ni\u00f1os de San Juan es un honor inmenso y profundamente emotivo. Durante las pasadas dos d\u00e9cadas he tenido el privilegio de presidir una instituci\u00f3n que ha formado generaciones de j\u00f3venes puertorrique\u00f1os a trav\u00e9s de la m\u00fasica, la disciplina y el amor por nuestro pa\u00eds\u201d, dijo Khoury. Este aniversario no solo celebra nuestra historia, sino tambi\u00e9n el futuro vibrante que seguimos construyendo juntos\u201d.\u00a0\u00a0\u00a0<\/p>\n\n<p>Otra de las iniciativas que se trabajar\u00e1 para el aniversario es un plan integral de renovaci\u00f3n de la sede del Coro, ubicada en la hist\u00f3rica escuela Rosendo Matienzo Cintr\u00f3n en Santurce. Este proyecto busca transformar el espacio en un centro educativo y art\u00edstico moderno, que sea funcional e inspirador para sus estudiantes y maestros.\u00a0<\/p>\n\n<p>\u201cSesenta a\u00f1os representan mucho m\u00e1s que una celebraci\u00f3n; son el reflejo de una trayectoria marcada por la excelencia, la pasi\u00f3n y el compromiso con nuestra ni\u00f1ez y con la m\u00fasica puertorrique\u00f1a\u201d, dijo Mar\u00eda Gabriela Fern\u00e1ndez, directora art\u00edstica del Coro de Ni\u00f1os de San Juan. \u201cEste aniversario es un nuevo comienzo, una oportunidad para evolucionar, innovar y seguir desarrollando el legado del Coro de Ni\u00f1os de San Juan hacia las pr\u00f3ximas generaciones. Tambi\u00e9n es un agradecimiento a todas las familias que han sido parte del Coro\u00a0<\/p>\n\n<p>de Ni\u00f1os de San Juan, y a todos los ni\u00f1os y j\u00f3venes que han prestado sus voces para cantar, llevar alegr\u00eda y llenar los corazones del p\u00fablico en estos 60 a\u00f1os de trayectoria&#8221;.<\/p>\n\n<p>Este esfuerzo de modernizaci\u00f3n reafirma el compromiso del Coro con el desarrollo de nuevas generaciones de m\u00fasicos y con la preservaci\u00f3n del patrimonio cultural de Puerto Rico. Este tambi\u00e9n busca asegurar que su legado contin\u00fae evolucionando con excelencia y relevancia por los pr\u00f3ximos 60 a\u00f1os.\u00a0<\/p>\n\n<p>Desde su fundaci\u00f3n en 1966 por Evy Luc\u00edo C\u00f3rdova, el CNSJ ha crecido de un peque\u00f1o coro de 14 ni\u00f1as a una escuela con m\u00e1s de 130 estudiantes entre los 5 y 18 a\u00f1os, ofreciendo entrenamientos en teor\u00eda musical, t\u00e9cnica vocal e instrumentos como guitarra, cuatro, flauta y <em>handbells<\/em>. Reconocido por UNESCO en el 2013 como patrimonio cultural, hist\u00f3rico y social de Puerto Rico y designado por la Legislatura de Puerto Rico como Embajadores Internacionales de Buena Voluntad en el 1994, el coro ha recorrido los escenarios del mundo, incluyendo Carnegie Hall, Royal Albert Hall, Kennedy Center y Wiener Musikverein. El coro fue distinguido en el Rimini International Choral Competition 2014 en Italia, donde Fern\u00e1ndez-Cerra recibi\u00f3 el premio de Mejor Directora.\u00a0<\/p>\n\n<p>El Coro de Ni\u00f1os de San Juan ha sido cuna de grandes talentos puertorrique\u00f1os que hoy representan a la Isla en los escenarios musicales m\u00e1s importantes del mundo. Entre ellos se encuentran el cantante Luis Fonsi; la soprano Meechot Marrero, reconocida internacionalmente por su trayectoria en la \u00f3pera y sus interpretaciones en la <em>Deutsche Oper Berlin<\/em>; la actriz y artista esc\u00e9nica Shadia Fairuz Almasri, integrante del elenco de <em>Sing Street<\/em> en Broadway; y Stephanie Mercado Mu\u00f1iz, cantante y flautista del grupo <em>Atenci\u00f3n Atenci\u00f3n<\/em>.<\/p>\n\n<p>Para m\u00e1s informaci\u00f3n sobre las actividades del Coro, audiciones o para hacer un donativo, los interesados pueden llamar al (787) 726-7575 o entrar en la p\u00e1gina web del Coro, <a href=\"https:\/\/corodeninosdesanjuan.org\/\">https:\/\/corodeninosdesanjuan.org\/<\/a>.\u00a0<\/p>\n\n<p>###<\/p>\n\n<p><strong>Sobre el Coro de Ni\u00f1os de San Juan:<\/strong><strong><br \/><\/strong><em>El Coro de Ni\u00f1os de San Juan es una instituci\u00f3n sin fines de lucro dedicada a la formaci\u00f3n art\u00edstica, musical y human\u00edstica de j\u00f3venes entre los 5 y 18 a\u00f1os en Puerto Rico. Con m\u00e1s de 59 a\u00f1os de trayectoria, se ha consolidado como embajador cultural de la Isla en el \u00e1mbito nacional e internacional.<\/em><\/p>\n\t\t\t\t\t\t\t\t<\/div>\n\t\t\t\t<\/div>\n\t\t\t\t\t<\/div>\n\t\t\t\t<\/div>\n\t\t<div class=\"elementor-element elementor-element-a915eea e-flex e-con-boxed e-con e-parent\" data-id=\"a915eea\" data-element_type=\"container\">\n\t\t\t\t\t<div class=\"e-con-inner\">\n\t\t\t\t\t<\/div>\n\t\t\t\t<\/div>\n\t\t\t\t<\/div>\n\t\t\n    <div class=\"xs_social_share_widget xs_share_url after_content \t\tmain_content  wslu-style-1 wslu-share-box-shaped wslu-fill-colored wslu-none wslu-share-horizontal wslu-theme-font-no wslu-main_content\">\n\n\t\t\n        <ul>\n\t\t\t        <\/ul>\n    <\/div> \n","protected":false},"excerpt":{"rendered":"<p>San Juan Puerto Rico (3 de noviembre de 2025) \u2013 El Coro de Ni\u00f1os de San Juan (CNSJ) celebrar\u00e1 su 60\u00b0 aniversario en noviembre del 2026. Por tal raz\u00f3n, el Coro comenzar\u00e1 este mes en el conteo regresivo de un a\u00f1o para celebrar seis d\u00e9cadas de excelencia musical, formaci\u00f3n art\u00edstica y de orgullo cultural para [&hellip;]<\/p>\n","protected":false},"author":3,"featured_media":0,"comment_status":"open","ping_status":"open","sticky":false,"template":"","format":"standard","meta":{"postBodyCss":"","postBodyMargin":[],"postBodyPadding":[],"postBodyBackground":{"backgroundType":"classic","gradient":""},"footnotes":""},"categories":[1],"tags":[],"class_list":["post-469","post","type-post","status-publish","format-standard","hentry","category-uncategorized"],"_links":{"self":[{"href":"https:\/\/corodeninosdesanjuan.org\/index.php?rest_route=\/wp\/v2\/posts\/469","targetHints":{"allow":["GET"]}}],"collection":[{"href":"https:\/\/corodeninosdesanjuan.org\/index.php?rest_route=\/wp\/v2\/posts"}],"about":[{"href":"https:\/\/corodeninosdesanjuan.org\/index.php?rest_route=\/wp\/v2\/types\/post"}],"author":[{"embeddable":true,"href":"https:\/\/corodeninosdesanjuan.org\/index.php?rest_route=\/wp\/v2\/users\/3"}],"replies":[{"embeddable":true,"href":"https:\/\/corodeninosdesanjuan.org\/index.php?rest_route=%2Fwp%2Fv2%2Fcomments&post=469"}],"version-history":[{"count":8,"href":"https:\/\/corodeninosdesanjuan.org\/index.php?rest_route=\/wp\/v2\/posts\/469\/revisions"}],"predecessor-version":[{"id":481,"href":"https:\/\/corodeninosdesanjuan.org\/index.php?rest_route=\/wp\/v2\/posts\/469\/revisions\/481"}],"wp:attachment":[{"href":"https:\/\/corodeninosdesanjuan.org\/index.php?rest_route=%2Fwp%2Fv2%2Fmedia&parent=469"}],"wp:term":[{"taxonomy":"category","embeddable":true,"href":"https:\/\/corodeninosdesanjuan.org\/index.php?rest_route=%2Fwp%2Fv2%2Fcategories&post=469"},{"taxonomy":"post_tag","embeddable":true,"href":"https:\/\/corodeninosdesanjuan.org\/index.php?rest_route=%2Fwp%2Fv2%2Ftags&post=469"}],"curies":[{"name":"wp","href":"https:\/\/api.w.org\/{rel}","templated":true}]}}